{"id":1175,"date":"2023-06-09T09:09:42","date_gmt":"2023-06-09T09:09:42","guid":{"rendered":"https:\/\/www.aric.pt\/wp\/?p=1175"},"modified":"2023-06-09T09:09:42","modified_gmt":"2023-06-09T09:09:42","slug":"24o-aniversario-da-radio-regiao-de-basto","status":"publish","type":"post","link":"https:\/\/www.aric.pt\/wp\/?p=1175","title":{"rendered":"24\u00ba anivers\u00e1rio da R\u00e1dio Regi\u00e3o de Basto"},"content":{"rendered":"<p>A R\u00e1dio Regi\u00e3o de Basto comemora o seu vig\u00e9simo quarto anivers\u00e1rio a 10 de Junho de 2023.<\/p>\n<p>Emitindo a partir de Celorico de Basto a RRB, est\u00e1 desde o seu inicio muito virada para as quest\u00f5es locais, dando voz a todos e apostando numa programa\u00e7\u00e3o direcionada para a regi\u00e3o. Actuando desta forma a RRB conseguiu obter, por parte dos ouvintes e anunciantes, o reconhecido m\u00e9rito e a sua identidade pr\u00f3pria.<\/p>\n<p>Pode conhecer melhor o trabalho da R\u00e1dio Regi\u00e3o de Basto atrav\u00e9s da seguinte liga\u00e7\u00e3o: https:\/\/radioregiaodebasto.com ou ainda em: https:\/\/www.facebook.com\/radioregiaodebasto<\/p>\n","protected":false},"excerpt":{"rendered":"<p>A R\u00e1dio Regi\u00e3o de Basto comemora o seu vig\u00e9simo quarto anivers\u00e1rio a 10 de Junho de 2023. Emitindo a partir de Celorico de Basto a RRB, est\u00e1 desde o seu inicio muito virada para as quest\u00f5es locais, dando voz a todos e apostando numa programa\u00e7\u00e3o direcionada para a regi\u00e3o. Actuando desta forma a RRB conseguiu&#8230;<\/p>\n","protected":false},"author":2,"featured_media":1176,"comment_status":"open","ping_status":"open","sticky":false,"template":"","format":"standard","meta":{"footnotes":""},"categories":[9,36],"tags":[78],"class_list":["post-1175","post","type-post","status-publish","format-standard","has-post-thumbnail","hentry","category-noticias","category-radio-nos-media","tag-radio-regiao-de-basto"],"_links":{"self":[{"href":"https:\/\/www.aric.pt\/wp\/index.php?rest_route=\/wp\/v2\/posts\/1175","targetHints":{"allow":["GET"]}}],"collection":[{"href":"https:\/\/www.aric.pt\/wp\/index.php?rest_route=\/wp\/v2\/posts"}],"about":[{"href":"https:\/\/www.aric.pt\/wp\/index.php?rest_route=\/wp\/v2\/types\/post"}],"author":[{"embeddable":true,"href":"https:\/\/www.aric.pt\/wp\/index.php?rest_route=\/wp\/v2\/users\/2"}],"replies":[{"embeddable":true,"href":"https:\/\/www.aric.pt\/wp\/index.php?rest_route=%2Fwp%2Fv2%2Fcomments&post=1175"}],"version-history":[{"count":1,"href":"https:\/\/www.aric.pt\/wp\/index.php?rest_route=\/wp\/v2\/posts\/1175\/revisions"}],"predecessor-version":[{"id":1177,"href":"https:\/\/www.aric.pt\/wp\/index.php?rest_route=\/wp\/v2\/posts\/1175\/revisions\/1177"}],"wp:featuredmedia":[{"embeddable":true,"href":"https:\/\/www.aric.pt\/wp\/index.php?rest_route=\/wp\/v2\/media\/1176"}],"wp:attachment":[{"href":"https:\/\/www.aric.pt\/wp\/index.php?rest_route=%2Fwp%2Fv2%2Fmedia&parent=1175"}],"wp:term":[{"taxonomy":"category","embeddable":true,"href":"https:\/\/www.aric.pt\/wp\/index.php?rest_route=%2Fwp%2Fv2%2Fcategories&post=1175"},{"taxonomy":"post_tag","embeddable":true,"href":"https:\/\/www.aric.pt\/wp\/index.php?rest_route=%2Fwp%2Fv2%2Ftags&post=1175"}],"curies":[{"name":"wp","href":"https:\/\/api.w.org\/{rel}","templated":true}]}}